{"id":205823,"date":"2021-11-15T11:00:12","date_gmt":"2021-11-15T10:00:12","guid":{"rendered":"https:\/\/startup.info\/?p=205823"},"modified":"2022-01-12T14:55:01","modified_gmt":"2022-01-12T13:55:01","slug":"la-innovacion-forma-ya-parte-de-cualquier","status":"publish","type":"post","link":"https:\/\/startup.info\/es\/la-innovacion-forma-ya-parte-de-cualquier\/","title":{"rendered":"\u201cLa innovaci\u00f3n forma ya parte de cualquier empresa, y la que no sepa innovar, tendr\u00e1 un futuro muy complicado\u201d.\u00a0\u00a0"},"content":{"rendered":"<p>Gracia Catalina Pi\u00f1ero Directora de Minerva nos cuenta \u00a0c\u00f3mo en Andaluc\u00eda abunda el emprendimiento y la participaci\u00f3n activa en su programa.<\/p>\n<p><b>H\u00e1blanos de ti, de tu carrera profesional y c\u00f3mo llegaste al Programa Minerva.<\/b><\/p>\n<p><span style=\"font-weight: 400;\">Estudi\u00e9 ingenier\u00eda de telecomunicaci\u00f3n por dos motivos fundamentales: me gustaba la tecnolog\u00eda y me gustaba la idea de afrontar ese reto. Empec\u00e9 mi trayectoria profesional en corporaciones como Vodafone, ItSoft o A Novo Francia, desempe\u00f1ando labores t\u00e9cnicas como ingeniera. En el desarrollo de mi trayectoria profesional pronto me di cuenta que me atra\u00eda el mundo de la empresa, as\u00ed que seleccion\u00e9 Pek\u00edn como el destino en el que quer\u00eda estudiar un MBA, all\u00ed pas\u00e9 a\u00f1o y medio. Estudiar y trabajar en este entorno, gestionar equipos de personas de culturas tan diferentes, te obliga definitivamente a aprender a trabajar en equipo, a escuchar y a empatizar.\u00a0<\/span><\/p>\n<p>&nbsp;<\/p>\n<p><span style=\"font-weight: 400;\">Desde entonces dedico mi actividad profesional al mundo de la empresa, y en particular, al mundo del emprendimiento. Desde el 2014, soy la directora del Programa Minerva, aceleradora de empresas promovida por la Junta de Andaluc\u00eda y Vodafone, iniciativa referente en colaboraci\u00f3n p\u00fablico-privada y reconocida a nivel nacional por la calidad de sus servicios hacia los emprendedores. Desde la direcci\u00f3n del Programa Minerva acompa\u00f1o a diversas empresas en su b\u00fasqueda de la excelencia empresarial, ayud\u00e1ndoles a formar parte de este ecosistema empresarial andaluz que queremos hacer crecer.\u00a0<\/span><\/p>\n<p><b>\u00bfQu\u00e9 es el Programa Minerva y c\u00f3mo aplica la innovaci\u00f3n en el mundo de los negocios?<\/b><\/p>\n<p><iframe loading=\"lazy\" title=\"As\u00ed se crea y se gestiona una &#039;aceleradora&#039; auton\u00f3mica de empresas | Programa Minerva\" width=\"740\" height=\"416\" src=\"https:\/\/www.youtube.com\/embed\/Cc9my-ncvKo?feature=oembed\" frameborder=\"0\" allow=\"accelerometer; autoplay; clipboard-write; encrypted-media; gyroscope; picture-in-picture\" allowfullscreen><\/iframe><\/p>\n<p><span style=\"font-weight: 400;\">Minerva es un programa de emprendimiento, promovido por la Junta de Andaluc\u00eda y Vodafone, para el impulso de proyectos empresariales del sector tecnol\u00f3gico en la regi\u00f3n andaluza.<\/span><\/p>\n<p><span style=\"font-weight: 400;\">El principal objetivo de Minerva es apoyar a emprendedores y ayudar a sus proyectos empresariales a crecer para que se conviertan en negocios estables. Con esta premisa, el Programa Minerva apoya firmemente la creaci\u00f3n de empleo en Andaluc\u00eda gracias al fomento del emprendimiento y pretende aportar densidad al tejido empresarial de la regi\u00f3n.<\/span><\/p>\n<p><span style=\"font-weight: 400;\">Tras ocho convocatorias lanzadas, con una tasa de comercializaci\u00f3n de las empresas participantes superior al 80%, el programa ha demostrado comprobado que existen buenos proyectos en Andaluc\u00eda y m\u00e1s a\u00fan, que existen emprendedores competentes, formados y comprometidos dispuestos a sacarlos adelante.<\/span><\/p>\n<p><span style=\"font-weight: 400;\">El apoyo a la creaci\u00f3n y crecimiento de la empresa tambi\u00e9n se traducen en mayor tasa de empleo, nuevas contrataciones que nacen como signo de buena salud de un proyecto emprendedor. En ocho convocatorias, Minerva ha ayudado a generar o mantener m\u00e1s de 550 puestos de trabajo, lo que repercute positivamente en el tejido empresarial andaluz.<\/span><\/p>\n<p><span style=\"font-weight: 400;\">Cada edici\u00f3n ajustamos el programa a las necesidades de los emprendedores, que nos obligan a adaptarnos a todo tipo de circunstancias: tenemos en cuenta las necesidades, los servicios, los recursos, etc, a la actualidad y a los pertinentes cambios socioecon\u00f3micos que sufra nuestra sociedad. El programa se desarrolla con objetivos muy claros: busca la excelencia de sus aceleradas en todas las ediciones, maximizar los resultados econ\u00f3micos que \u00e9stas obtengan y el impacto social generado, tanto a nivel local, como regional.\u00a0<\/span><\/p>\n<p><b>\u00bfC\u00f3mo afecta la pandemia a la gesti\u00f3n de la aceleradora y c\u00f3mo lo est\u00e1is afrontando?<\/b><\/p>\n<p><span style=\"font-weight: 400;\">El formato en que se desarrollaba la aceleraci\u00f3n hasta el 2020 era semi-presencial, manten\u00edamos talleres y mentorizaciones en formato presencial, pero siempre entendiendo que nadie deb\u00eda cambiar su residencia para poder seguir el itinerario de aceleraci\u00f3n. Cada equipo de emprendedores pod\u00eda poner en marcha su negocio desde cualquier ubicaci\u00f3n de Andaluc\u00eda. Con la llegada del confinamiento por el COVID19, adaptamos de forma inmediata la aceleraci\u00f3n al formato virtual 100% y actualmente en 2021 continuamos trabajando en remoto. Al lanzar esta \u00faltima edici\u00f3n conseguimos llamar la atenci\u00f3n de casi 200 solicitantes.<\/span><\/p>\n<p><span style=\"font-weight: 400;\">La nueva realidad post-COVID ha impulsado los negocios digitales y la apertura de mercados internacionales: el 40,3% de las empresas apoyadas vendi\u00f3 fuera de Espa\u00f1a en 2020, un dato que avala que Minerva es un sello de calidad para las empresas tecnol\u00f3gicas emergentes de Andaluc\u00eda. Con estos datos, podemos destacar que estamos afrontando con \u00e9xito esta nueva realidad empresarial y que, afortunadamente, las empresas apoyadas por Minerva han crecido durante esta crisis.<\/span><\/p>\n<p><span style=\"font-weight: 400;\">Para la pr\u00f3xima edici\u00f3n del programa queremos recuperar la modalidad h\u00edbrida: habr\u00e1 gran parte online que se simultanear\u00e1n con ciertas sesiones presenciales, siempre buscando la optimizaci\u00f3n del formato, sin detrimento de aquellas actividades que ayudan a fomentar el networking y la generaci\u00f3n de sinergias.\u00a0<\/span><\/p>\n<p><b>\u00bfHab\u00e9is tenido que tomar dif\u00edciles derivadas de la crisis del COVID-19? \u00bfCu\u00e1les son las lecciones aprendidas?<\/b><\/p>\n<p><span style=\"font-weight: 400;\">La pandemia ha marcado un antes y un despu\u00e9s para el mundo empresarial, y aunque ha sido un fuerte varapalo para muchas empresas, el modelo \u2018startup\u2019 que tiene de base la tecnolog\u00eda ha sabido mantenerse e incluso aprovechar el momento para crecer. Ejemplo de ello es la facturaci\u00f3n conjunta de las startups Minerva en 2020: casi 11 millones de euros, un 41,6% m\u00e1s que en 2019.<\/span><\/p>\n<p><span style=\"font-weight: 400;\">El confinamiento nos dio la oportunidad de impulsar nuestra creatividad para hacer frente a todos los problemas que supon\u00eda vivir encerrados en casa y sin pisar la calle. As\u00ed, hemos aprendido que la digitalizaci\u00f3n es fundamental en el mundo de los negocios.<\/span><\/p>\n<p><span style=\"font-weight: 400;\">En este futuro inmediato veremos qu\u00e9 tipo de negocios liderar\u00e1n el futuro, hacia donde se va a encaminar la transformaci\u00f3n digital. Por parte de Minerva, seguiremos apostando por proyectos emprendedores y empresas que tengan una clara orientaci\u00f3n al mercado y que consideremos, puedan convertirse en realidades empresariales con estabilidad en Andaluc\u00eda, una de las regiones m\u00e1s afectadas por el COVID.\u00a0<\/span><\/p>\n<p><b>\u00bfQu\u00e9 herramientas espec\u00edficas, programas inform\u00e1ticos y habilidades de gesti\u00f3n est\u00e1is utilizando para superar esta crisis?<\/b><\/p>\n<p><span style=\"font-weight: 400;\">Hay infinidad de soluciones tecnol\u00f3gicas para gestionar de forma eficaz un negocio desde una habitaci\u00f3n. En el caso del Programa Minerva, utilizamos como chat de trabajo interno Slack, nos apoyamos en Trello para el seguimiento del trabajo diario con las startups y en general, utilizamos diversas herramientas que facilitan el teletrabajo y que est\u00e1n muy implantadas en el mundo de la empresa.\u00a0<\/span><\/p>\n<p><span style=\"font-weight: 400;\">La gesti\u00f3n de las personas tambi\u00e9n ha sido fundamental para afrontar el confinamiento, que oblig\u00f3 a las empresas que participaban en el programa a encerrarse en sus domicilios. Los primeros d\u00edas fueron m\u00e1s confusos, pero a decir verdad, fue relativamente sencillo seguir apoy\u00e1ndolas a trav\u00e9s del programa en formato online. En 72h conseguimos trasladar todo el itinerario de trabajo previsto al mundo virtual sin complicaciones.\u00a0<\/span><\/p>\n<p><b>\u00bfQu\u00e9 os diferencia de otras aceleradoras de empresas y c\u00f3mo consegu\u00eds manteneros a flote?<\/b><\/p>\n<p><span style=\"font-weight: 400;\">Al contrario que otro tipo de aceleradoras de empresas que se centran en la aceleraci\u00f3n vertical, es decir, en un sector concreto del mercado; Minerva selecciona proyectos de todo el \u00e1mbito TIC. De esta manera, apoya diferentes \u00e1mbitos que generan negocio con un componente com\u00fan: la tecnolog\u00eda e innovaci\u00f3n como motor de un cambio o como base fundamental del negocio. As\u00ed, contamos con una comunidad de proyectos acelerados en segmentos como agrotech, innovaci\u00f3n educativa, cultura y ocio, salud y bienestar, gesti\u00f3n empresarial y transformaci\u00f3n empresarial, smart cities, y tecnolog\u00eda e internet. Con esta premisa, tenemos mayor margen de selecci\u00f3n de empresas potenciales y no apostamos \u00fanicamente por impulsar un solo sector.\u00a0<\/span><\/p>\n<p><span style=\"font-weight: 400;\">Estamos muy contentos con los logros que hemos cosechado con el Programa Minerva. Destacar que la iniciativa ha recibido reconocimientos a nivel nacional como aceleradora de empresas por el ranking FUNCAS en 2021\/2022, quedando en primera posici\u00f3n en la CCAA de Andaluc\u00eda por quinto a\u00f1o consecutivo y en segunda posici\u00f3n en el ranking global en aceleradoras avanzadas. La escuela digital de negocios IEBS tambi\u00e9n la ha incluido en su ranking 2020 entre las mejores 9 aceleradoras de empresas. Adem\u00e1s, el programa Interreg Europe la nombr\u00f3 buena pr\u00e1ctica europea en emprendimiento.<\/span><\/p>\n<p><span style=\"font-weight: 400;\">No obstante, consideramos que todos los agentes del mundo del emprendimiento cumplen con una labor muy necesaria y que co-existen en un clima de cooperaci\u00f3n. Los emprendedores andaluces tienen un cat\u00e1logo muy amplio de apoyos y servicios a su disposici\u00f3n en el que pueden seleccionar qu\u00e9 tipo de iniciativa se ajusta mejor a sus necesidades y le aporta mayor valor.\u00a0\u00a0<\/span><\/p>\n<p><span style=\"font-weight: 400;\">Adem\u00e1s una de nuestras caracter\u00edsticas m\u00e1s valoradas por los emprendedores es \u2018Minerva Forum\u2019, el ecosistema de \u2018alumni\u2019 que nace con el objetivo de mantener vivo el contacto entre los proyectos una vez concluida su aceleraci\u00f3n, para seguir ofreci\u00e9ndoles apoyo, servicios y asesoramiento por parte del Programa, as\u00ed como fomentar las sinergias y compartir experiencias y \u2018lecciones aprendidas\u2019 entre ellos y as\u00ed tambi\u00e9n incrementar el efecto positivo de la iniciativa a largo plazo.\u00a0<\/span><\/p>\n<p><b>Sus reflexiones finales<\/b><\/p>\n<p><span style=\"font-weight: 400;\">Vamos hacia un mundo cada vez m\u00e1s digital y es l\u00f3gico pensar que tambi\u00e9n ser\u00e1 digital el futuro de los negocios. El negocio que no abrace la digitalizaci\u00f3n de sus servicios, de sus canales, se quedar\u00e1 atr\u00e1s. Este mundo digital tambi\u00e9n obligar\u00e1 a las empresas a ser m\u00e1s r\u00e1pidas y m\u00e1s competitivas para diferenciarse, y la creatividad jugar\u00e1 un papel clave en ello. En resumen, la innovaci\u00f3n forma ya parte de cualquier empresa, y la que no sepa innovar, tendr\u00e1 un futuro muy complicado.\u00a0\u00a0<\/span><\/p>\n<p><span style=\"font-weight: 400;\">El entorno de trabajo con los emprendedores Minerva es ahora 100% colaborativo y accesible, gracias a las nuevas tecnolog\u00edas y a la metodolog\u00eda aplicada, consiguiendo una transici\u00f3n digital efectiva tras el COVID19.\u00a0<\/span><\/p>\n<p>WEB:<a href=\"https:\/\/www.programaminerva.es\/\" rel=\"nofollow noopener\" target=\"_blank\"><span style=\"font-weight: 400;\">https:\/\/www.programaminerva.es\/<\/span><\/a><\/p>\n<p>&nbsp;<\/p>\n","protected":false},"excerpt":{"rendered":"<p>Gracia Catalina Pi\u00f1ero Directora de Minerva nos cuenta \u00a0c\u00f3mo en Andaluc\u00eda abunda el emprendimiento y la participaci\u00f3n activa en su programa. H\u00e1blanos de ti, de tu carrera profesional y c\u00f3mo llegaste al Programa Minerva. Estudi\u00e9 ingenier\u00eda de telecomunicaci\u00f3n por dos motivos fundamentales: me gustaba la tecnolog\u00eda y me gustaba la idea de afrontar ese reto. [&hellip;]<\/p>\n","protected":false},"author":72952,"featured_media":205825,"comment_status":"open","ping_status":"closed","sticky":false,"template":"","format":"standard","meta":{"footnotes":"","_links_to":"","_links_to_target":""},"categories":[10669],"tags":[],"class_list":["post-205823","post","type-post","status-publish","format-standard","has-post-thumbnail","hentry","category-news"],"_links":{"self":[{"href":"https:\/\/startup.info\/es\/wp-json\/wp\/v2\/posts\/205823","targetHints":{"allow":["GET"]}}],"collection":[{"href":"https:\/\/startup.info\/es\/wp-json\/wp\/v2\/posts"}],"about":[{"href":"https:\/\/startup.info\/es\/wp-json\/wp\/v2\/types\/post"}],"author":[{"embeddable":true,"href":"https:\/\/startup.info\/es\/wp-json\/wp\/v2\/users\/72952"}],"replies":[{"embeddable":true,"href":"https:\/\/startup.info\/es\/wp-json\/wp\/v2\/comments?post=205823"}],"version-history":[{"count":0,"href":"https:\/\/startup.info\/es\/wp-json\/wp\/v2\/posts\/205823\/revisions"}],"wp:featuredmedia":[{"embeddable":true,"href":"https:\/\/startup.info\/es\/wp-json\/wp\/v2\/media\/205825"}],"wp:attachment":[{"href":"https:\/\/startup.info\/es\/wp-json\/wp\/v2\/media?parent=205823"}],"wp:term":[{"taxonomy":"category","embeddable":true,"href":"https:\/\/startup.info\/es\/wp-json\/wp\/v2\/categories?post=205823"},{"taxonomy":"post_tag","embeddable":true,"href":"https:\/\/startup.info\/es\/wp-json\/wp\/v2\/tags?post=205823"}],"curies":[{"name":"wp","href":"https:\/\/api.w.org\/{rel}","templated":true}]}}