{"id":385268,"date":"2025-10-30T09:35:51","date_gmt":"2025-10-30T09:35:51","guid":{"rendered":"https:\/\/startup.info\/?p=385268"},"modified":"2025-10-30T14:53:10","modified_gmt":"2025-10-30T14:53:10","slug":"murcia-acoge-universidad-pyme","status":"publish","type":"post","link":"https:\/\/startup.info\/es\/murcia-acoge-universidad-pyme\/","title":{"rendered":"Murcia acoge Universidad PYME, un foro clave para el emprendimiento joven y la transformaci\u00f3n digital de las peque\u00f1as empresas"},"content":{"rendered":"<p><strong>El evento, organizado por FUNDAE, SEPE, UCOMUR, UCOERM y CEPES, reunir\u00e1 el 5 de noviembre a expertos, j\u00f3venes y pymes en torno a la innovaci\u00f3n, la econom\u00eda social y la inteligencia artificial aplicada a los negocios. La inscripci\u00f3n es gratuita.<\/strong><\/p>\n<p>El pr\u00f3ximo 5 de noviembre, Murcia se convertir\u00e1 en epicentro del emprendimiento y la transformaci\u00f3n empresarial con la celebraci\u00f3n de <em>Universidad PYME<\/em>, un evento impulsado por la Fundaci\u00f3n Estatal para la Formaci\u00f3n en el Empleo (FUNDAE) que busca acercar a las peque\u00f1as empresas, emprendedores y j\u00f3venes profesionales las herramientas necesarias para afrontar con \u00e9xito los retos de la digitalizaci\u00f3n, la innovaci\u00f3n y la econom\u00eda social.<\/p>\n<p>La jornada se celebrar\u00e1 en el Hotel Murcia Nelva, de 9:00 a 14:00 horas, y forma parte del circuito nacional que Universidad PYME est\u00e1 desarrollando en distintas ciudades espa\u00f1olas. En esta edici\u00f3n murciana, el lema elegido es \u201cGEN-E: Generaci\u00f3n emprendedora en econom\u00eda social\u201d, poniendo el foco en c\u00f3mo las nuevas generaciones pueden liderar un modelo empresarial m\u00e1s sostenible, inclusivo y adaptado a los cambios tecnol\u00f3gicos.<\/p>\n<p><img loading=\"lazy\" decoding=\"async\" class=\"alignnone size-large wp-image-385276\" src=\"https:\/\/startup.info\/wp-content\/uploads\/2025\/10\/Murcia-Universidad-PYME-1-1024x683.jpg\" alt=\"Murcia Universidad PYME\" width=\"740\" height=\"494\" title=\"\" srcset=\"https:\/\/startup.info\/wp-content\/uploads\/2025\/10\/Murcia-Universidad-PYME-1-1024x683.jpg 1024w, https:\/\/startup.info\/wp-content\/uploads\/2025\/10\/Murcia-Universidad-PYME-1-300x200.jpg 300w, https:\/\/startup.info\/wp-content\/uploads\/2025\/10\/Murcia-Universidad-PYME-1-768x512.jpg 768w, https:\/\/startup.info\/wp-content\/uploads\/2025\/10\/Murcia-Universidad-PYME-1-1536x1024.jpg 1536w, https:\/\/startup.info\/wp-content\/uploads\/2025\/10\/Murcia-Universidad-PYME-1-2048x1365.jpg 2048w\" sizes=\"auto, (max-width: 740px) 100vw, 740px\" \/><\/p>\n<p>El evento est\u00e1 abierto a todo tipo de p\u00fablico interesado en el \u00e1mbito empresarial: desde pymes que buscan modernizar sus procesos hasta startups, cooperativas, trabajadores aut\u00f3nomos y personas j\u00f3venes con ideas de negocio o inter\u00e9s por la transformaci\u00f3n digital. La inscripci\u00f3n es gratuita, aunque con plazas limitadas, y puede realizarse a trav\u00e9s de la web oficial: <a href=\"https:\/\/universidadpyme.fundae.es\/murcia\" target=\"_blank\" rel=\"noopener\">universidadpyme.fundae.es\/murcia<\/a> desde el formulario de registro.<\/p>\n<p>Durante la jornada se desarrollar\u00e1n ponencias, mesas de di\u00e1logo y espacios de networking donde se abordar\u00e1n cuestiones clave para el presente y futuro de las peque\u00f1as y medianas empresas: c\u00f3mo aplicar la inteligencia artificial sin necesidad de ser experto en tecnolog\u00eda, c\u00f3mo crear modelos de negocio colaborativos, qu\u00e9 recursos formativos gratuitos existen para mejorar las competencias digitales o qu\u00e9 apoyos p\u00fablicos pueden aprovecharse para emprender.<\/p>\n<p>Entre los ponentes confirmados figuran perfiles muy diversos, desde responsables institucionales hasta emprendedores con proyectos reales. Estar\u00e1n presentes, entre otros, <strong>Antonio de Luis<\/strong>, director gerente de FUNDAE; <strong>Juan Antonio Pedre\u00f1o<\/strong>, presidente de UCOMUR\/UCOERM\/CEPES y figura clave del cooperativismo en la regi\u00f3n; <span style=\"text-decoration: line-through;\">o<\/span> <strong>Margarita Guerrero<\/strong>, directora general del Instituto de la Juventud (INJUVE), que abordar\u00e1 el papel de los j\u00f3venes en la innovaci\u00f3n empresarial; <strong>M\u00aa Isabel L\u00f3pez Arag\u00f3n, <\/strong>consejera de Empleo, Empresa y Econom\u00eda Social del gobierno de la Regi\u00f3n de Murcia; \u00a0<strong>Sandra Pintor, <\/strong>miembro del Consejo Rector de UCOMUR o <strong>Antonio Pasqual del Riquelme, <\/strong>director General de Aut\u00f3nomos y Econom\u00eda Social de la Regi\u00f3n de Murcia.<\/p>\n<p>Tambi\u00e9n participar\u00e1n emprendedores como <strong>Joaqu\u00edn Barber\u00e1<\/strong>, conocido por su labor divulgativa sobre inteligencia artificial para no t\u00e9cnicos; <strong>Alejandro Moya<\/strong>, CEO de Marco Visual y experto en automatizaci\u00f3n; y <strong>Alfonso Palencia<\/strong>, cofundador de la startup Hablaoo, que ha desarrollado soluciones de IA aplicadas al sector HORECA. Junto a ellos, profesionales del \u00e1mbito cultural y social como <strong>Jorge Ruiz Flores<\/strong>, m\u00fasico y educador; <strong>Silvia Soto<\/strong>, consultora especializada en igualdad; <strong>Sandra Pintor<\/strong>, impulsora de modelos cooperativos en sectores emergentes o la jefa de la Unidad de Evaluaci\u00f3n, Estudios y Ordenaci\u00f3n de la Formaci\u00f3n de Fundae, <strong>Carmen Prieto.<\/strong><\/p>\n<p>La cita ofrece, adem\u00e1s, una oportunidad para conocer de primera mano los servicios y plataformas que FUNDAE pone a disposici\u00f3n de trabajadores y empresas para mejorar sus competencias a coste cero. De hecho, uno de los objetivos fundamentales de Universidad PYME es precisamente dar visibilidad a los recursos ya existentes \u2014como cursos, certificaciones o ayudas a la formaci\u00f3n\u2014 y facilitar su acceso, especialmente a los colectivos que m\u00e1s lo necesitan.<\/p>\n<p>Murcia se suma as\u00ed a otras ciudades como Madrid, Barcelona, Santiago o Albacete, que ya han acogido ediciones anteriores de este proyecto con una excelente acogida por parte del p\u00fablico. Seg\u00fan los organizadores, el formato presencial permite generar v\u00ednculos reales entre asistentes y ponentes, y ofrece un entorno id\u00f3neo para compartir experiencias y resolver dudas en directo.<\/p>\n<p><img loading=\"lazy\" decoding=\"async\" class=\"alignnone size-large wp-image-385281\" src=\"https:\/\/startup.info\/wp-content\/uploads\/2025\/10\/Murcia-1024x683.jpg\" alt=\"Murcia\" width=\"740\" height=\"494\" title=\"\" srcset=\"https:\/\/startup.info\/wp-content\/uploads\/2025\/10\/Murcia-1024x683.jpg 1024w, https:\/\/startup.info\/wp-content\/uploads\/2025\/10\/Murcia-300x200.jpg 300w, https:\/\/startup.info\/wp-content\/uploads\/2025\/10\/Murcia-768x512.jpg 768w, https:\/\/startup.info\/wp-content\/uploads\/2025\/10\/Murcia-1536x1024.jpg 1536w, https:\/\/startup.info\/wp-content\/uploads\/2025\/10\/Murcia-2048x1365.jpg 2048w\" sizes=\"auto, (max-width: 740px) 100vw, 740px\" \/><\/p>\n<p>&nbsp;<\/p>\n<p>La elecci\u00f3n de Murcia como sede responde tambi\u00e9n al dinamismo de su tejido empresarial y al creciente inter\u00e9s de sus pymes por adaptarse a las nuevas exigencias del mercado. En palabras de los organizadores, <em>\u201cla Regi\u00f3n cuenta con una comunidad emprendedora muy activa, que busca espacios como este para inspirarse, aprender y crecer\u201d<\/em>.<\/p>\n<p>La inscripci\u00f3n al evento sigue abierta, y se recomienda realizarla cuanto antes debido al aforo limitado. Para apuntarse, basta con acceder a la web <a href=\"https:\/\/universidadpyme.fundae.es\/murcia\" target=\"_blank\" rel=\"noopener\">universidadpyme.fundae.es\/murcia<\/a>, pulsar en \u201cInscr\u00edbete\u201d y completar el formulario. Una vez enviado, el asistente recibir\u00e1 una confirmaci\u00f3n de su plaza por correo electr\u00f3nico.<\/p>\n<p>Universidad PYME se enmarca dentro de las acciones promovidas por Fundae y el Servicio P\u00fablico de Empleo Estatal (SEPE), y cuenta con la financiaci\u00f3n de los fondos europeos Next Generation, en el contexto del Plan de Recuperaci\u00f3n, Transformaci\u00f3n y Resiliencia del Gobierno de Espa\u00f1a.<\/p>\n<p>&nbsp;<\/p>\n","protected":false},"excerpt":{"rendered":"<p>El evento, organizado por FUNDAE, SEPE, UCOMUR, UCOERM y CEPES, reunir\u00e1 el 5 de noviembre a expertos, j\u00f3venes y pymes en torno a la innovaci\u00f3n, la econom\u00eda social y la inteligencia artificial aplicada a los negocios. La inscripci\u00f3n es gratuita. El pr\u00f3ximo 5 de noviembre, Murcia se convertir\u00e1 en epicentro del emprendimiento y la transformaci\u00f3n [&hellip;]<\/p>\n","protected":false},"author":39209,"featured_media":385286,"comment_status":"open","ping_status":"closed","sticky":false,"template":"","format":"standard","meta":{"footnotes":"","_links_to":"","_links_to_target":""},"categories":[24904],"tags":[],"class_list":["post-385268","post","type-post","status-publish","format-standard","has-post-thumbnail","hentry","category-recursos"],"_links":{"self":[{"href":"https:\/\/startup.info\/es\/wp-json\/wp\/v2\/posts\/385268","targetHints":{"allow":["GET"]}}],"collection":[{"href":"https:\/\/startup.info\/es\/wp-json\/wp\/v2\/posts"}],"about":[{"href":"https:\/\/startup.info\/es\/wp-json\/wp\/v2\/types\/post"}],"author":[{"embeddable":true,"href":"https:\/\/startup.info\/es\/wp-json\/wp\/v2\/users\/39209"}],"replies":[{"embeddable":true,"href":"https:\/\/startup.info\/es\/wp-json\/wp\/v2\/comments?post=385268"}],"version-history":[{"count":6,"href":"https:\/\/startup.info\/es\/wp-json\/wp\/v2\/posts\/385268\/revisions"}],"predecessor-version":[{"id":385780,"href":"https:\/\/startup.info\/es\/wp-json\/wp\/v2\/posts\/385268\/revisions\/385780"}],"wp:featuredmedia":[{"embeddable":true,"href":"https:\/\/startup.info\/es\/wp-json\/wp\/v2\/media\/385286"}],"wp:attachment":[{"href":"https:\/\/startup.info\/es\/wp-json\/wp\/v2\/media?parent=385268"}],"wp:term":[{"taxonomy":"category","embeddable":true,"href":"https:\/\/startup.info\/es\/wp-json\/wp\/v2\/categories?post=385268"},{"taxonomy":"post_tag","embeddable":true,"href":"https:\/\/startup.info\/es\/wp-json\/wp\/v2\/tags?post=385268"}],"curies":[{"name":"wp","href":"https:\/\/api.w.org\/{rel}","templated":true}]}}